{"id":330,"date":"2014-06-01T09:58:41","date_gmt":"2014-06-01T09:58:41","guid":{"rendered":"https:\/\/www.uprt.guru\/?p=330"},"modified":"2019-09-14T10:01:23","modified_gmt":"2019-09-14T10:01:23","slug":"darina-bartkova-nova-vize-pro-tatransky-region","status":"publish","type":"post","link":"https:\/\/www.uprt.guru\/?p=330","title":{"rendered":"Darina Bartkov\u00e1: Nov\u00e1 vize pro tatransk\u00fd region"},"content":{"rendered":"\n<figure class=\"wp-block-image\"><img loading=\"lazy\" decoding=\"async\" width=\"717\" height=\"1024\" src=\"https:\/\/www.uprt.guru\/wp-content\/uploads\/2019\/09\/bartkova-tatry-plakat-2-717x1024.jpg\" alt=\"\" class=\"wp-image-331\" srcset=\"https:\/\/www.uprt.guru\/wp-content\/uploads\/2019\/09\/bartkova-tatry-plakat-2-717x1024.jpg 717w, https:\/\/www.uprt.guru\/wp-content\/uploads\/2019\/09\/bartkova-tatry-plakat-2-210x300.jpg 210w, https:\/\/www.uprt.guru\/wp-content\/uploads\/2019\/09\/bartkova-tatry-plakat-2-768x1097.jpg 768w, https:\/\/www.uprt.guru\/wp-content\/uploads\/2019\/09\/bartkova-tatry-plakat-2-690x985.jpg 690w, https:\/\/www.uprt.guru\/wp-content\/uploads\/2019\/09\/bartkova-tatry-plakat-2-1317x1881.jpg 1317w, https:\/\/www.uprt.guru\/wp-content\/uploads\/2019\/09\/bartkova-tatry-plakat-2-800x1143.jpg 800w, https:\/\/www.uprt.guru\/wp-content\/uploads\/2019\/09\/bartkova-tatry-plakat-2-1400x1999.jpg 1400w, https:\/\/www.uprt.guru\/wp-content\/uploads\/2019\/09\/bartkova-tatry-plakat-2.jpg 1434w\" sizes=\"auto, (max-width: 717px) 100vw, 717px\" \/><\/figure>\n\n\n\n<p>Darina Bartkov\u00e1 se ve sv\u00e9 pr\u00e1ci vrac\u00ed do j\u00ed d\u016fv\u011brn\u011b zn\u00e1m\u00e9ho prost\u0159ed\u00ed Vysok\u00fdch Tater. V podrobn\u00e9 analytick\u00e9 \u010d\u00e1sti t\u011b\u017e\u00ed z letit\u00e9 bezprost\u0159edn\u00ed pro\u017eit\u00e9 zku\u0161enosti s jedine\u010dnou p\u0159\u00edrodn\u00ed lokalitou a ve v\u00fdsledn\u00e9m konceptu naz\u00edr\u00e1 na Tatry jako na ned\u011bliteln\u00fd celek nap\u0159\u00ed\u010d nejen st\u00e1tn\u00edmi hranicemi. \u00davahu o budouc\u00ed mo\u017en\u00e9 podob\u011b autorka p\u0159esv\u011bd\u010div\u011b dokl\u00e1d\u00e1 podrobn\u011b zpracovanou n\u00e1v\u0161t\u011bvnickou s\u00edt\u00ed stezek a komunikac\u00ed s pe\u010dliv\u011b budovanou hierarchi\u00ed objekt\u016f nezbytn\u00e9ho z\u00e1zem\u00ed v d\u016frazu na celkov\u00fd v\u00fdznam i m\u00edstn\u00ed kontext.<\/p>\n\n\n<div class=\"sgdg-gallery-container\" data-sgdg-hash=\"5ff4c8ad9515a1a7b8519aa019badd2014c3a0c08711bbcc15cf7beedf07264d\"><div class=\"sgdg-loading\"><div><\/div><\/div><\/div>","protected":false},"excerpt":{"rendered":"<p>Darina Bartkov\u00e1 se ve sv\u00e9 pr\u00e1ci vrac\u00ed do j\u00ed d\u016fv\u011brn\u011b zn\u00e1m\u00e9ho prost\u0159ed\u00ed Vysok\u00fdch Tater. V podrobn\u00e9 analytick\u00e9 \u010d\u00e1sti t\u011b\u017e\u00ed z letit\u00e9 bezprost\u0159edn\u00ed pro\u017eit\u00e9 zku\u0161enosti s jedine\u010dnou p\u0159\u00edrodn\u00ed lokalitou a ve v\u00fdsledn\u00e9m konceptu naz\u00edr\u00e1 na Tatry jako na ned\u011bliteln\u00fd celek nap\u0159\u00ed\u010d nejen st\u00e1tn\u00edmi hranicemi. \u00davahu o budouc\u00ed mo\u017en\u00e9 podob\u011b autorka p\u0159esv\u011bd\u010div\u011b dokl\u00e1d\u00e1 podrobn\u011b zpracovanou n\u00e1v\u0161t\u011bvnickou s\u00edt\u00ed&hellip;<\/p>\n<a class=\"read-more-link\" href=\" https:\/\/www.uprt.guru\/?p=330 \">Read More<\/a>","protected":false},"author":3,"featured_media":331,"comment_status":"closed","ping_status":"closed","sticky":false,"template":"","format":"standard","meta":{"footnotes":""},"categories":[7],"tags":[],"class_list":["post-330","post","type-post","status-publish","format-standard","has-post-thumbnail","hentry","category-galerie","col-lg-3 col-md-4 col-sm-6"],"_links":{"self":[{"href":"https:\/\/www.uprt.guru\/index.php?rest_route=\/wp\/v2\/posts\/330","targetHints":{"allow":["GET"]}}],"collection":[{"href":"https:\/\/www.uprt.guru\/index.php?rest_route=\/wp\/v2\/posts"}],"about":[{"href":"https:\/\/www.uprt.guru\/index.php?rest_route=\/wp\/v2\/types\/post"}],"author":[{"embeddable":true,"href":"https:\/\/www.uprt.guru\/index.php?rest_route=\/wp\/v2\/users\/3"}],"replies":[{"embeddable":true,"href":"https:\/\/www.uprt.guru\/index.php?rest_route=%2Fwp%2Fv2%2Fcomments&post=330"}],"version-history":[{"count":1,"href":"https:\/\/www.uprt.guru\/index.php?rest_route=\/wp\/v2\/posts\/330\/revisions"}],"predecessor-version":[{"id":332,"href":"https:\/\/www.uprt.guru\/index.php?rest_route=\/wp\/v2\/posts\/330\/revisions\/332"}],"wp:featuredmedia":[{"embeddable":true,"href":"https:\/\/www.uprt.guru\/index.php?rest_route=\/wp\/v2\/media\/331"}],"wp:attachment":[{"href":"https:\/\/www.uprt.guru\/index.php?rest_route=%2Fwp%2Fv2%2Fmedia&parent=330"}],"wp:term":[{"taxonomy":"category","embeddable":true,"href":"https:\/\/www.uprt.guru\/index.php?rest_route=%2Fwp%2Fv2%2Fcategories&post=330"},{"taxonomy":"post_tag","embeddable":true,"href":"https:\/\/www.uprt.guru\/index.php?rest_route=%2Fwp%2Fv2%2Ftags&post=330"}],"curies":[{"name":"wp","href":"https:\/\/api.w.org\/{rel}","templated":true}]}}